{"id":10092,"date":"2024-10-20T18:47:33","date_gmt":"2024-10-20T18:47:33","guid":{"rendered":"https:\/\/kurz-wellen.de\/?p=10092"},"modified":"2024-10-22T17:16:24","modified_gmt":"2024-10-22T17:16:24","slug":"antennenanpassgeraet-yaesu-frt-7700","status":"publish","type":"post","link":"https:\/\/kurz-wellen.de\/?p=10092","title":{"rendered":"Antennenanpa\u00dfger\u00e4t Yaesu FRT-7700"},"content":{"rendered":"\n<p>Viele &#8211; insbesondere \u00e4ltere &#8211; Halbleiter best\u00fcckte &#8211; Weltempf\u00e4nger und Kommunikationsempf\u00e4nger (aber auch Amateurfunkempf\u00e4nger) sind gegen Weitab-St\u00f6rsignale hoher Feldst\u00e4rke nicht immer hinreichend gesch\u00fctzt. \u00dcbersteuerungen und Kreuzmodulationsprodukte k\u00f6nnen die Folge sein. Weiter kann ein Antennentuner im LW-MW-KW-Bereich auch zur Nahselektion beitragen. Der Antennentuner FRT-7700 passt nicht nur die Antenne impedanzm\u00e4ssig gut an den Empf\u00e4nger an, sondern tr\u00e4gt eben auch zur Selektion bei. Dieser Tuner ist zwar prim\u00e4r f\u00fcr Yaesu-Ger\u00e4te konzipiert worden, l\u00e4sst sich abe auch an vergleichbaren Emf\u00e4ngern nutzen. Der eingebaute Antennenabschw\u00e4cher verhindert weitgehend \u00dcbersteuerungen des Empf\u00e4ngereingangs.<\/p>\n\n\n<div class=\"wp-block-image\">\n<figure class=\"aligncenter size-full is-resized\"><img loading=\"lazy\" decoding=\"async\" width=\"288\" height=\"198\" src=\"https:\/\/kurz-wellen.de\/wp-content\/uploads\/2024\/10\/160qkh3q.png\" alt=\"\" class=\"wp-image-10093\" style=\"width:425px;height:auto\"\/><\/figure>\n<\/div>\n\n\n<p>Das Ger\u00e4t ist auf ebay gebraucht zu erwerben. Es gibt auch <a href=\"https:\/\/www.wellenjagd.com\/antennen\/de32-antennentuner\/\" data-type=\"link\" data-id=\"https:\/\/www.wellenjagd.com\/antennen\/de32-antennentuner\/\" target=\"_blank\" rel=\"noreferrer noopener\">Neuger\u00e4te<\/a> anderer Hersteller, beispielsweise das DE-32 (Thierking &amp; Koch) oder vom Hersteller MFJ.<\/p>\n\n\n\n<figure class=\"wp-block-image size-full\"><img loading=\"lazy\" decoding=\"async\" width=\"598\" height=\"327\" src=\"https:\/\/kurz-wellen.de\/wp-content\/uploads\/2024\/10\/rv00bcci.png\" alt=\"\" class=\"wp-image-10184\" srcset=\"https:\/\/kurz-wellen.de\/wp-content\/uploads\/2024\/10\/rv00bcci.png 598w, https:\/\/kurz-wellen.de\/wp-content\/uploads\/2024\/10\/rv00bcci-300x164.png 300w\" sizes=\"auto, (max-width: 598px) 100vw, 598px\" \/><\/figure>\n","protected":false},"excerpt":{"rendered":"<p>Viele &#8211; insbesondere \u00e4ltere &#8211; Halbleiter best\u00fcckte &#8211; Weltempf\u00e4nger und Kommunikationsempf\u00e4nger (aber auch Amateurfunkempf\u00e4nger) sind gegen Weitab-St\u00f6rsignale hoher Feldst\u00e4rke nicht immer hinreichend gesch\u00fctzt. \u00dcbersteuerungen und Kreuzmodulationsprodukte k\u00f6nnen die Folge sein. Weiter kann ein Antennentuner im LW-MW-KW-Bereich auch zur Nahselektion beitragen. Der Antennentuner FRT-7700 passt nicht nur die Antenne impedanzm\u00e4ssig gut an den Empf\u00e4nger an, sondern &hellip; <a href=\"https:\/\/kurz-wellen.de\/?p=10092\" class=\"more-link\"><span class=\"screen-reader-text\">Antennenanpa\u00dfger\u00e4t Yaesu FRT-7700<\/span> weiterlesen<\/a><\/p>\n","protected":false},"author":1,"featured_media":0,"comment_status":"closed","ping_status":"","sticky":false,"template":"","format":"standard","meta":{"footnotes":""},"categories":[1],"tags":[],"class_list":["post-10092","post","type-post","status-publish","format-standard","hentry","category-dx-ing"],"_links":{"self":[{"href":"https:\/\/kurz-wellen.de\/index.php?rest_route=\/wp\/v2\/posts\/10092","targetHints":{"allow":["GET"]}}],"collection":[{"href":"https:\/\/kurz-wellen.de\/index.php?rest_route=\/wp\/v2\/posts"}],"about":[{"href":"https:\/\/kurz-wellen.de\/index.php?rest_route=\/wp\/v2\/types\/post"}],"author":[{"embeddable":true,"href":"https:\/\/kurz-wellen.de\/index.php?rest_route=\/wp\/v2\/users\/1"}],"replies":[{"embeddable":true,"href":"https:\/\/kurz-wellen.de\/index.php?rest_route=%2Fwp%2Fv2%2Fcomments&post=10092"}],"version-history":[{"count":5,"href":"https:\/\/kurz-wellen.de\/index.php?rest_route=\/wp\/v2\/posts\/10092\/revisions"}],"predecessor-version":[{"id":10187,"href":"https:\/\/kurz-wellen.de\/index.php?rest_route=\/wp\/v2\/posts\/10092\/revisions\/10187"}],"wp:attachment":[{"href":"https:\/\/kurz-wellen.de\/index.php?rest_route=%2Fwp%2Fv2%2Fmedia&parent=10092"}],"wp:term":[{"taxonomy":"category","embeddable":true,"href":"https:\/\/kurz-wellen.de\/index.php?rest_route=%2Fwp%2Fv2%2Fcategories&post=10092"},{"taxonomy":"post_tag","embeddable":true,"href":"https:\/\/kurz-wellen.de\/index.php?rest_route=%2Fwp%2Fv2%2Ftags&post=10092"}],"curies":[{"name":"wp","href":"https:\/\/api.w.org\/{rel}","templated":true}]}}